{"id":1,"date":"2015-06-25T02:51:48","date_gmt":"2015-06-25T02:51:48","guid":{"rendered":"http:\/\/pousodosviajantes.com.br\/Portal\/?p=1"},"modified":"2015-06-29T20:11:15","modified_gmt":"2015-06-29T20:11:15","slug":"hello-world","status":"publish","type":"post","link":"https:\/\/pousodosviajantes.com.br\/Portal\/index.php\/2015\/06\/25\/hello-world\/","title":{"rendered":"CINEOP"},"content":{"rendered":"<p>Em 2015, a CineOP celebra 10 anos e estende sua programa\u00e7\u00e3o para a capital mineira em apresenta\u00e7\u00f5es in\u00e9ditas do Cine-Concerto Sons &#038; Imagens com trilha executada ao vivo pelos m\u00fasicos franceses da associa\u00e7\u00e3o DoubleCadence. As pr\u00e9-estreias nacionais dos espet\u00e1culos acontecem nos dias 24 e 25 de junho, \u00e0s 20horas,  no Teatro Oi Futuro BH (Av. Afonso Pena, 4001)<\/p>\n","protected":false},"excerpt":{"rendered":"<p>Em 2015, a CineOP celebra 10 anos e estende sua programa\u00e7\u00e3o para a capital mineira em apresenta\u00e7\u00f5es in\u00e9ditas do Cine-Concerto Sons &#038; Imagens com trilha executada ao vivo pelos m\u00fasicos franceses da associa\u00e7\u00e3o DoubleCadence. As pr\u00e9-estreias nacionais dos espet\u00e1culos acontecem nos dias 24 e 25 de junho, \u00e0s 20horas, no Teatro Oi Futuro BH (Av. [&hellip;]<\/p>\n","protected":false},"author":1,"featured_media":58,"comment_status":"open","ping_status":"open","sticky":false,"template":"","format":"aside","meta":{"ngg_post_thumbnail":0,"_links_to":"","_links_to_target":""},"categories":[1],"tags":[],"_links":{"self":[{"href":"https:\/\/pousodosviajantes.com.br\/Portal\/index.php\/wp-json\/wp\/v2\/posts\/1"}],"collection":[{"href":"https:\/\/pousodosviajantes.com.br\/Portal\/index.php\/wp-json\/wp\/v2\/posts"}],"about":[{"href":"https:\/\/pousodosviajantes.com.br\/Portal\/index.php\/wp-json\/wp\/v2\/types\/post"}],"author":[{"embeddable":true,"href":"https:\/\/pousodosviajantes.com.br\/Portal\/index.php\/wp-json\/wp\/v2\/users\/1"}],"replies":[{"embeddable":true,"href":"https:\/\/pousodosviajantes.com.br\/Portal\/index.php\/wp-json\/wp\/v2\/comments?post=1"}],"version-history":[{"count":2,"href":"https:\/\/pousodosviajantes.com.br\/Portal\/index.php\/wp-json\/wp\/v2\/posts\/1\/revisions"}],"predecessor-version":[{"id":59,"href":"https:\/\/pousodosviajantes.com.br\/Portal\/index.php\/wp-json\/wp\/v2\/posts\/1\/revisions\/59"}],"wp:featuredmedia":[{"embeddable":true,"href":"https:\/\/pousodosviajantes.com.br\/Portal\/index.php\/wp-json\/wp\/v2\/media\/58"}],"wp:attachment":[{"href":"https:\/\/pousodosviajantes.com.br\/Portal\/index.php\/wp-json\/wp\/v2\/media?parent=1"}],"wp:term":[{"taxonomy":"category","embeddable":true,"href":"https:\/\/pousodosviajantes.com.br\/Portal\/index.php\/wp-json\/wp\/v2\/categories?post=1"},{"taxonomy":"post_tag","embeddable":true,"href":"https:\/\/pousodosviajantes.com.br\/Portal\/index.php\/wp-json\/wp\/v2\/tags?post=1"}],"curies":[{"name":"wp","href":"https:\/\/api.w.org\/{rel}","templated":true}]}}